{"id":1680,"date":"2025-03-16T13:17:46","date_gmt":"2025-03-16T12:17:46","guid":{"rendered":"https:\/\/art-e-gusto.ch\/?p=1680"},"modified":"2025-03-16T13:17:49","modified_gmt":"2025-03-16T12:17:49","slug":"salat-aus-burrata-avocado-und-yoom-tomaten","status":"publish","type":"post","link":"https:\/\/art-e-gusto.ch\/fr\/salat-aus-burrata-avocado-und-yoom-tomaten\/","title":{"rendered":"Salade de burrata, d'avocat et de tomates Yoom"},"content":{"rendered":"<p style=\"color:#ed425c; font-weight:800\"><img decoding=\"async\" src=\"https:\/\/art-e-gusto.ch\/wp-content\/uploads\/2023\/06\/clock-1.png\" width=\"30px\" style=\"vertical-align: middle; margin-right:10px\">10 MINUTES<\/p>\n\n\n\n<p class=\"has-text-color has-medium-font-size\" style=\"color:#ed425c\"><strong>Pour le jeune cuisinier<\/strong><\/p>\n\n\n\n<ul class=\"wp-block-list\">\n<li>Difficult\u00e9 : 2 sur 5<\/li>\n<\/ul>\n\n\n\n<p class=\"has-text-color has-medium-font-size\" style=\"color:#ed425c\"><br><strong>Ingr\u00e9dients<\/strong> <strong>pour 2 \u00e0 3 personnes<\/strong><\/p>\n\n\n\n<ul class=\"wp-block-list\">\n<li>1 grappe de tomates Yoom<\/li>\n\n\n\n<li>1\/2 poivron rouge<\/li>\n\n\n\n<li>1\/2 concombre<\/li>\n\n\n\n<li>1 verre de jus de tomate<\/li>\n\n\n\n<li>Sel, poivre, huile d'olive<\/li>\n<\/ul>\n\n\n\n<p><\/p>\n\n\n\n<p class=\"has-text-color has-medium-font-size\" style=\"color:#ed425c\"><strong>Pr\u00e9paration<\/strong><\/p>\n\n\n\n<ul class=\"wp-block-list\">\n<li>Dans une po\u00eale, faire revenir les tomates dans l'huile d'olive jusqu'\u00e0 ce qu'elles soient dor\u00e9es. <\/li>\n\n\n\n<li>Saupoudrer de sucre, de sel et de poivre.<\/li>\n\n\n\n<li>Baisser le feu et laisser cuire les tomates pendant environ 10 minutes, jusqu'\u00e0 ce qu'elles soient tendres. <\/li>\n\n\n\n<li>Laisser refroidir les tomates.<\/li>\n\n\n\n<li>R\u00e9partir les tomates sur une grande assiette, poser la burratine dessus, ajouter les tranches d'avocat et le basilic. Assaisonner avec du sel, du poivre et de l'huile d'olive.<\/li>\n<\/ul>","protected":false},"excerpt":{"rendered":"<p>10 MINUTES Pour le jeune chef Ingr\u00e9dients pour 2 \u00e0 3 personnes Pr\u00e9paration<\/p>","protected":false},"author":21,"featured_media":1681,"comment_status":"open","ping_status":"open","sticky":false,"template":"","format":"standard","meta":{"footnotes":""},"categories":[44,48],"tags":[150,152,156],"class_list":["post-1680","post","type-post","status-publish","format-standard","has-post-thumbnail","hentry","category-recipes","category-tomate-yoom-de","tag-artegusto","tag-rezepte","tag-tomato-yoom"],"yoast_head":"<!-- This site is optimized with the Yoast SEO plugin v27.5 - https:\/\/yoast.com\/product\/yoast-seo-wordpress\/ -->\n<title>Salat aus Burrata, Avocado und Yoom-Tomaten - Artegusto\u00ae<\/title>\n<meta name=\"robots\" content=\"index, follow, max-snippet:-1, max-image-preview:large, max-video-preview:-1\" \/>\n<link rel=\"canonical\" href=\"https:\/\/art-e-gusto.ch\/fr\/salat-aus-burrata-avocado-und-yoom-tomaten\/\" \/>\n<meta property=\"og:locale\" content=\"fr_FR\" \/>\n<meta property=\"og:type\" content=\"article\" \/>\n<meta property=\"og:title\" content=\"Salat aus Burrata, Avocado und Yoom-Tomaten - Artegusto\u00ae\" \/>\n<meta property=\"og:description\" content=\"10 MINUTEN F\u00fcr den Jungkoch Zutaten f\u00fcr 2 bis 3 Personen Zubereitung\" \/>\n<meta property=\"og:url\" content=\"https:\/\/art-e-gusto.ch\/fr\/salat-aus-burrata-avocado-und-yoom-tomaten\/\" \/>\n<meta property=\"og:site_name\" content=\"Artegusto\u00ae\" \/>\n<meta property=\"article:publisher\" content=\"https:\/\/www.facebook.com\/ArtegustoSuisse\" \/>\n<meta property=\"article:published_time\" content=\"2025-03-16T12:17:46+00:00\" \/>\n<meta property=\"article:modified_time\" content=\"2025-03-16T12:17:49+00:00\" \/>\n<meta property=\"og:image\" content=\"https:\/\/art-e-gusto.ch\/wp-content\/uploads\/2025\/03\/salade-de-burrata.jpg\" \/>\n\t<meta property=\"og:image:width\" content=\"1536\" \/>\n\t<meta property=\"og:image:height\" content=\"2048\" \/>\n\t<meta property=\"og:image:type\" content=\"image\/jpeg\" \/>\n<meta name=\"author\" content=\"Fatou Dabo\" \/>\n<meta name=\"twitter:card\" content=\"summary_large_image\" \/>\n<meta name=\"twitter:label1\" content=\"\u00c9crit par\" \/>\n\t<meta name=\"twitter:data1\" content=\"Fatou Dabo\" \/>\n\t<meta name=\"twitter:label2\" content=\"Dur\u00e9e de lecture estim\u00e9e\" \/>\n\t<meta name=\"twitter:data2\" content=\"1 minute\" \/>\n<script type=\"application\/ld+json\" class=\"yoast-schema-graph\">{\"@context\":\"https:\\\/\\\/schema.org\",\"@graph\":[{\"@type\":\"Article\",\"@id\":\"https:\\\/\\\/art-e-gusto.ch\\\/salat-aus-burrata-avocado-und-yoom-tomaten\\\/#article\",\"isPartOf\":{\"@id\":\"https:\\\/\\\/art-e-gusto.ch\\\/salat-aus-burrata-avocado-und-yoom-tomaten\\\/\"},\"author\":{\"name\":\"Fatou Dabo\",\"@id\":\"https:\\\/\\\/art-e-gusto.ch\\\/#\\\/schema\\\/person\\\/006e3e06b1fa17d26b30634942bbf2b9\"},\"headline\":\"Salat aus Burrata, Avocado und Yoom-Tomaten\",\"datePublished\":\"2025-03-16T12:17:46+00:00\",\"dateModified\":\"2025-03-16T12:17:49+00:00\",\"mainEntityOfPage\":{\"@id\":\"https:\\\/\\\/art-e-gusto.ch\\\/salat-aus-burrata-avocado-und-yoom-tomaten\\\/\"},\"wordCount\":91,\"commentCount\":0,\"publisher\":{\"@id\":\"https:\\\/\\\/art-e-gusto.ch\\\/#organization\"},\"image\":{\"@id\":\"https:\\\/\\\/art-e-gusto.ch\\\/salat-aus-burrata-avocado-und-yoom-tomaten\\\/#primaryimage\"},\"thumbnailUrl\":\"https:\\\/\\\/art-e-gusto.ch\\\/wp-content\\\/uploads\\\/2025\\\/03\\\/salade-de-burrata.jpg\",\"keywords\":[\"Artegusto\",\"Rezepte\",\"tomato yoom\"],\"articleSection\":[\"recipes\",\"tomate yoom\"],\"inLanguage\":\"fr-FR\",\"potentialAction\":[{\"@type\":\"CommentAction\",\"name\":\"Comment\",\"target\":[\"https:\\\/\\\/art-e-gusto.ch\\\/salat-aus-burrata-avocado-und-yoom-tomaten\\\/#respond\"]}]},{\"@type\":\"WebPage\",\"@id\":\"https:\\\/\\\/art-e-gusto.ch\\\/salat-aus-burrata-avocado-und-yoom-tomaten\\\/\",\"url\":\"https:\\\/\\\/art-e-gusto.ch\\\/salat-aus-burrata-avocado-und-yoom-tomaten\\\/\",\"name\":\"Salat aus Burrata, Avocado und Yoom-Tomaten - Artegusto\u00ae\",\"isPartOf\":{\"@id\":\"https:\\\/\\\/art-e-gusto.ch\\\/#website\"},\"primaryImageOfPage\":{\"@id\":\"https:\\\/\\\/art-e-gusto.ch\\\/salat-aus-burrata-avocado-und-yoom-tomaten\\\/#primaryimage\"},\"image\":{\"@id\":\"https:\\\/\\\/art-e-gusto.ch\\\/salat-aus-burrata-avocado-und-yoom-tomaten\\\/#primaryimage\"},\"thumbnailUrl\":\"https:\\\/\\\/art-e-gusto.ch\\\/wp-content\\\/uploads\\\/2025\\\/03\\\/salade-de-burrata.jpg\",\"datePublished\":\"2025-03-16T12:17:46+00:00\",\"dateModified\":\"2025-03-16T12:17:49+00:00\",\"breadcrumb\":{\"@id\":\"https:\\\/\\\/art-e-gusto.ch\\\/salat-aus-burrata-avocado-und-yoom-tomaten\\\/#breadcrumb\"},\"inLanguage\":\"fr-FR\",\"potentialAction\":[{\"@type\":\"ReadAction\",\"target\":[\"https:\\\/\\\/art-e-gusto.ch\\\/salat-aus-burrata-avocado-und-yoom-tomaten\\\/\"]}]},{\"@type\":\"ImageObject\",\"inLanguage\":\"fr-FR\",\"@id\":\"https:\\\/\\\/art-e-gusto.ch\\\/salat-aus-burrata-avocado-und-yoom-tomaten\\\/#primaryimage\",\"url\":\"https:\\\/\\\/art-e-gusto.ch\\\/wp-content\\\/uploads\\\/2025\\\/03\\\/salade-de-burrata.jpg\",\"contentUrl\":\"https:\\\/\\\/art-e-gusto.ch\\\/wp-content\\\/uploads\\\/2025\\\/03\\\/salade-de-burrata.jpg\",\"width\":1536,\"height\":2048},{\"@type\":\"BreadcrumbList\",\"@id\":\"https:\\\/\\\/art-e-gusto.ch\\\/salat-aus-burrata-avocado-und-yoom-tomaten\\\/#breadcrumb\",\"itemListElement\":[{\"@type\":\"ListItem\",\"position\":1,\"name\":\"Accueil\",\"item\":\"https:\\\/\\\/art-e-gusto.ch\\\/\"},{\"@type\":\"ListItem\",\"position\":2,\"name\":\"Salat aus Burrata, Avocado und Yoom-Tomaten\"}]},{\"@type\":\"WebSite\",\"@id\":\"https:\\\/\\\/art-e-gusto.ch\\\/#website\",\"url\":\"https:\\\/\\\/art-e-gusto.ch\\\/\",\"name\":\"Artegusto\u00ae\",\"description\":\"The art of taste\",\"publisher\":{\"@id\":\"https:\\\/\\\/art-e-gusto.ch\\\/#organization\"},\"alternateName\":\"Artegusto\",\"potentialAction\":[{\"@type\":\"SearchAction\",\"target\":{\"@type\":\"EntryPoint\",\"urlTemplate\":\"https:\\\/\\\/art-e-gusto.ch\\\/?s={search_term_string}\"},\"query-input\":{\"@type\":\"PropertyValueSpecification\",\"valueRequired\":true,\"valueName\":\"search_term_string\"}}],\"inLanguage\":\"fr-FR\"},{\"@type\":\"Organization\",\"@id\":\"https:\\\/\\\/art-e-gusto.ch\\\/#organization\",\"name\":\"Stoll Fr\u00e8res SA\",\"alternateName\":\"Tior SA\",\"url\":\"https:\\\/\\\/art-e-gusto.ch\\\/\",\"logo\":{\"@type\":\"ImageObject\",\"inLanguage\":\"fr-FR\",\"@id\":\"https:\\\/\\\/art-e-gusto.ch\\\/#\\\/schema\\\/logo\\\/image\\\/\",\"url\":\"https:\\\/\\\/art-e-gusto.ch\\\/wp-content\\\/uploads\\\/2023\\\/05\\\/artegusto-1.png\",\"contentUrl\":\"https:\\\/\\\/art-e-gusto.ch\\\/wp-content\\\/uploads\\\/2023\\\/05\\\/artegusto-1.png\",\"width\":512,\"height\":512,\"caption\":\"Stoll Fr\u00e8res SA\"},\"image\":{\"@id\":\"https:\\\/\\\/art-e-gusto.ch\\\/#\\\/schema\\\/logo\\\/image\\\/\"},\"sameAs\":[\"https:\\\/\\\/www.facebook.com\\\/ArtegustoSuisse\",\"https:\\\/\\\/www.instagram.com\\\/artegusto_suisse\\\/\"]},{\"@type\":\"Person\",\"@id\":\"https:\\\/\\\/art-e-gusto.ch\\\/#\\\/schema\\\/person\\\/006e3e06b1fa17d26b30634942bbf2b9\",\"name\":\"Fatou Dabo\",\"image\":{\"@type\":\"ImageObject\",\"inLanguage\":\"fr-FR\",\"@id\":\"https:\\\/\\\/secure.gravatar.com\\\/avatar\\\/44541070f259555430780f2666a430806707b1c2ff0bd2172ad8fc1bb06e61b3?s=96&d=mm&r=g\",\"url\":\"https:\\\/\\\/secure.gravatar.com\\\/avatar\\\/44541070f259555430780f2666a430806707b1c2ff0bd2172ad8fc1bb06e61b3?s=96&d=mm&r=g\",\"contentUrl\":\"https:\\\/\\\/secure.gravatar.com\\\/avatar\\\/44541070f259555430780f2666a430806707b1c2ff0bd2172ad8fc1bb06e61b3?s=96&d=mm&r=g\",\"caption\":\"Fatou Dabo\"},\"url\":\"https:\\\/\\\/art-e-gusto.ch\\\/fr\\\/author\\\/fatou\\\/\"}]}<\/script>\n<!-- \/ Yoast SEO plugin. -->","yoast_head_json":{"title":"Salat aus Burrata, Avocado und Yoom-Tomaten - Artegusto\u00ae","robots":{"index":"index","follow":"follow","max-snippet":"max-snippet:-1","max-image-preview":"max-image-preview:large","max-video-preview":"max-video-preview:-1"},"canonical":"https:\/\/art-e-gusto.ch\/fr\/salat-aus-burrata-avocado-und-yoom-tomaten\/","og_locale":"fr_FR","og_type":"article","og_title":"Salat aus Burrata, Avocado und Yoom-Tomaten - Artegusto\u00ae","og_description":"10 MINUTEN F\u00fcr den Jungkoch Zutaten f\u00fcr 2 bis 3 Personen Zubereitung","og_url":"https:\/\/art-e-gusto.ch\/fr\/salat-aus-burrata-avocado-und-yoom-tomaten\/","og_site_name":"Artegusto\u00ae","article_publisher":"https:\/\/www.facebook.com\/ArtegustoSuisse","article_published_time":"2025-03-16T12:17:46+00:00","article_modified_time":"2025-03-16T12:17:49+00:00","og_image":[{"width":1536,"height":2048,"url":"https:\/\/art-e-gusto.ch\/wp-content\/uploads\/2025\/03\/salade-de-burrata.jpg","type":"image\/jpeg"}],"author":"Fatou Dabo","twitter_card":"summary_large_image","twitter_misc":{"\u00c9crit par":"Fatou Dabo","Dur\u00e9e de lecture estim\u00e9e":"1 minute"},"schema":{"@context":"https:\/\/schema.org","@graph":[{"@type":"Article","@id":"https:\/\/art-e-gusto.ch\/salat-aus-burrata-avocado-und-yoom-tomaten\/#article","isPartOf":{"@id":"https:\/\/art-e-gusto.ch\/salat-aus-burrata-avocado-und-yoom-tomaten\/"},"author":{"name":"Fatou Dabo","@id":"https:\/\/art-e-gusto.ch\/#\/schema\/person\/006e3e06b1fa17d26b30634942bbf2b9"},"headline":"Salat aus Burrata, Avocado und Yoom-Tomaten","datePublished":"2025-03-16T12:17:46+00:00","dateModified":"2025-03-16T12:17:49+00:00","mainEntityOfPage":{"@id":"https:\/\/art-e-gusto.ch\/salat-aus-burrata-avocado-und-yoom-tomaten\/"},"wordCount":91,"commentCount":0,"publisher":{"@id":"https:\/\/art-e-gusto.ch\/#organization"},"image":{"@id":"https:\/\/art-e-gusto.ch\/salat-aus-burrata-avocado-und-yoom-tomaten\/#primaryimage"},"thumbnailUrl":"https:\/\/art-e-gusto.ch\/wp-content\/uploads\/2025\/03\/salade-de-burrata.jpg","keywords":["Artegusto","Rezepte","tomato yoom"],"articleSection":["recipes","tomate yoom"],"inLanguage":"fr-FR","potentialAction":[{"@type":"CommentAction","name":"Comment","target":["https:\/\/art-e-gusto.ch\/salat-aus-burrata-avocado-und-yoom-tomaten\/#respond"]}]},{"@type":"WebPage","@id":"https:\/\/art-e-gusto.ch\/salat-aus-burrata-avocado-und-yoom-tomaten\/","url":"https:\/\/art-e-gusto.ch\/salat-aus-burrata-avocado-und-yoom-tomaten\/","name":"Salat aus Burrata, Avocado und Yoom-Tomaten - Artegusto\u00ae","isPartOf":{"@id":"https:\/\/art-e-gusto.ch\/#website"},"primaryImageOfPage":{"@id":"https:\/\/art-e-gusto.ch\/salat-aus-burrata-avocado-und-yoom-tomaten\/#primaryimage"},"image":{"@id":"https:\/\/art-e-gusto.ch\/salat-aus-burrata-avocado-und-yoom-tomaten\/#primaryimage"},"thumbnailUrl":"https:\/\/art-e-gusto.ch\/wp-content\/uploads\/2025\/03\/salade-de-burrata.jpg","datePublished":"2025-03-16T12:17:46+00:00","dateModified":"2025-03-16T12:17:49+00:00","breadcrumb":{"@id":"https:\/\/art-e-gusto.ch\/salat-aus-burrata-avocado-und-yoom-tomaten\/#breadcrumb"},"inLanguage":"fr-FR","potentialAction":[{"@type":"ReadAction","target":["https:\/\/art-e-gusto.ch\/salat-aus-burrata-avocado-und-yoom-tomaten\/"]}]},{"@type":"ImageObject","inLanguage":"fr-FR","@id":"https:\/\/art-e-gusto.ch\/salat-aus-burrata-avocado-und-yoom-tomaten\/#primaryimage","url":"https:\/\/art-e-gusto.ch\/wp-content\/uploads\/2025\/03\/salade-de-burrata.jpg","contentUrl":"https:\/\/art-e-gusto.ch\/wp-content\/uploads\/2025\/03\/salade-de-burrata.jpg","width":1536,"height":2048},{"@type":"BreadcrumbList","@id":"https:\/\/art-e-gusto.ch\/salat-aus-burrata-avocado-und-yoom-tomaten\/#breadcrumb","itemListElement":[{"@type":"ListItem","position":1,"name":"Accueil","item":"https:\/\/art-e-gusto.ch\/"},{"@type":"ListItem","position":2,"name":"Salat aus Burrata, Avocado und Yoom-Tomaten"}]},{"@type":"WebSite","@id":"https:\/\/art-e-gusto.ch\/#website","url":"https:\/\/art-e-gusto.ch\/","name":"Artegusto\u00ae : un produit de qualit\u00e9","description":"L'art du go\u00fbt","publisher":{"@id":"https:\/\/art-e-gusto.ch\/#organization"},"alternateName":"Artegusto","potentialAction":[{"@type":"SearchAction","target":{"@type":"EntryPoint","urlTemplate":"https:\/\/art-e-gusto.ch\/?s={search_term_string}"},"query-input":{"@type":"PropertyValueSpecification","valueRequired":true,"valueName":"search_term_string"}}],"inLanguage":"fr-FR"},{"@type":"Organization","@id":"https:\/\/art-e-gusto.ch\/#organization","name":"Stoll Fr\u00e8res SA","alternateName":"Tior SA","url":"https:\/\/art-e-gusto.ch\/","logo":{"@type":"ImageObject","inLanguage":"fr-FR","@id":"https:\/\/art-e-gusto.ch\/#\/schema\/logo\/image\/","url":"https:\/\/art-e-gusto.ch\/wp-content\/uploads\/2023\/05\/artegusto-1.png","contentUrl":"https:\/\/art-e-gusto.ch\/wp-content\/uploads\/2023\/05\/artegusto-1.png","width":512,"height":512,"caption":"Stoll Fr\u00e8res SA"},"image":{"@id":"https:\/\/art-e-gusto.ch\/#\/schema\/logo\/image\/"},"sameAs":["https:\/\/www.facebook.com\/ArtegustoSuisse","https:\/\/www.instagram.com\/artegusto_suisse\/"]},{"@type":"Person","@id":"https:\/\/art-e-gusto.ch\/#\/schema\/person\/006e3e06b1fa17d26b30634942bbf2b9","name":"Fatou Dabo","image":{"@type":"ImageObject","inLanguage":"fr-FR","@id":"https:\/\/secure.gravatar.com\/avatar\/44541070f259555430780f2666a430806707b1c2ff0bd2172ad8fc1bb06e61b3?s=96&d=mm&r=g","url":"https:\/\/secure.gravatar.com\/avatar\/44541070f259555430780f2666a430806707b1c2ff0bd2172ad8fc1bb06e61b3?s=96&d=mm&r=g","contentUrl":"https:\/\/secure.gravatar.com\/avatar\/44541070f259555430780f2666a430806707b1c2ff0bd2172ad8fc1bb06e61b3?s=96&d=mm&r=g","caption":"Fatou Dabo"},"url":"https:\/\/art-e-gusto.ch\/fr\/author\/fatou\/"}]}},"_links":{"self":[{"href":"https:\/\/art-e-gusto.ch\/fr\/wp-json\/wp\/v2\/posts\/1680","targetHints":{"allow":["GET"]}}],"collection":[{"href":"https:\/\/art-e-gusto.ch\/fr\/wp-json\/wp\/v2\/posts"}],"about":[{"href":"https:\/\/art-e-gusto.ch\/fr\/wp-json\/wp\/v2\/types\/post"}],"author":[{"embeddable":true,"href":"https:\/\/art-e-gusto.ch\/fr\/wp-json\/wp\/v2\/users\/21"}],"replies":[{"embeddable":true,"href":"https:\/\/art-e-gusto.ch\/fr\/wp-json\/wp\/v2\/comments?post=1680"}],"version-history":[{"count":2,"href":"https:\/\/art-e-gusto.ch\/fr\/wp-json\/wp\/v2\/posts\/1680\/revisions"}],"predecessor-version":[{"id":1820,"href":"https:\/\/art-e-gusto.ch\/fr\/wp-json\/wp\/v2\/posts\/1680\/revisions\/1820"}],"wp:featuredmedia":[{"embeddable":true,"href":"https:\/\/art-e-gusto.ch\/fr\/wp-json\/wp\/v2\/media\/1681"}],"wp:attachment":[{"href":"https:\/\/art-e-gusto.ch\/fr\/wp-json\/wp\/v2\/media?parent=1680"}],"wp:term":[{"taxonomy":"category","embeddable":true,"href":"https:\/\/art-e-gusto.ch\/fr\/wp-json\/wp\/v2\/categories?post=1680"},{"taxonomy":"post_tag","embeddable":true,"href":"https:\/\/art-e-gusto.ch\/fr\/wp-json\/wp\/v2\/tags?post=1680"}],"curies":[{"name":"wp","href":"https:\/\/api.w.org\/{rel}","templated":true}]}}